{"id":751,"date":"2021-06-14T12:41:11","date_gmt":"2021-06-14T12:41:11","guid":{"rendered":"https:\/\/equine-performance.de\/?p=751"},"modified":"2022-03-15T17:08:43","modified_gmt":"2022-03-15T17:08:43","slug":"kappzaum-ecuyer-schwarz","status":"publish","type":"post","link":"https:\/\/equine-performance.de\/it\/kappzaum-ecuyer-schwarz\/","title":{"rendered":"Briglia testa Ecuyer \u2013 nera"},"content":{"rendered":"<div data-elementor-type=\"wp-post\" data-elementor-id=\"751\" class=\"elementor elementor-751\" data-elementor-post-type=\"post\">\n\t\t\t\t\t\t<section class=\"elementor-section elementor-top-section elementor-element elementor-element-3d11475 elementor-section-boxed elementor-section-height-default elementor-section-height-default\" data-id=\"3d11475\" data-element_type=\"section\">\n\t\t\t\t\t\t<div class=\"elementor-container elementor-column-gap-default\">\n\t\t\t\t\t<div class=\"elementor-column elementor-col-100 elementor-top-column elementor-element elementor-element-ea5ab3f\" data-id=\"ea5ab3f\" data-element_type=\"column\">\n\t\t\t<div class=\"elementor-widget-wrap elementor-element-populated\">\n\t\t\t\t\t\t<div class=\"elementor-element elementor-element-6354cd5 elementor-widget elementor-widget-text-editor\" data-id=\"6354cd5\" data-element_type=\"widget\" data-widget_type=\"text-editor.default\">\n\t\t\t\t<div class=\"elementor-widget-container\">\n\t\t\t\t\t\t\t\t\t<p>Questo cavesson si adatta perfettamente al naso del cavallo grazie ad una catenella incorporata nella capezzina ed \u00e8 quindi molto comodo da indossare per il cavallo. Le opzioni di regolazione permettono di adattarsi a molti tipi diversi di cavalli.<\/p><p>Prezzo: 124\u20ac<\/p>\t\t\t\t\t\t\t\t<\/div>\n\t\t\t\t<\/div>\n\t\t\t\t\t<\/div>\n\t\t<\/div>\n\t\t\t\t\t<\/div>\n\t\t<\/section>\n\t\t\t\t<\/div>","protected":false},"excerpt":{"rendered":"<p>Dieser Kappzaum schmiegt sich durch eine ins Nasenband eingearbeitete Kette optimal an die Pferdenase an und ist f\u00fcrs Pferd dadurch sehr angenehm zu tragen. Die Verstellungsm\u00f6glichkeiten machen eine Anpassung an viele verschiedene Pferdetypen m\u00f6glich. Preis: 124\u20ac<\/p>","protected":false},"author":1,"featured_media":752,"comment_status":"open","ping_status":"open","sticky":false,"template":"","format":"standard","meta":{"footnotes":""},"categories":[12],"tags":[],"class_list":["post-751","post","type-post","status-publish","format-standard","has-post-thumbnail","hentry","category-onlineshop"],"yoast_head":"<!-- This site is optimized with the Yoast SEO plugin v24.1 - https:\/\/yoast.com\/wordpress\/plugins\/seo\/ -->\n<title>Kappzaum Ecuyer - schwarz - Equine Performance<\/title>\n<meta name=\"robots\" content=\"index, follow, max-snippet:-1, max-image-preview:large, max-video-preview:-1\" \/>\n<link rel=\"canonical\" href=\"https:\/\/equine-performance.de\/it\/kappzaum-ecuyer-schwarz\/\" \/>\n<meta property=\"og:locale\" content=\"it_IT\" \/>\n<meta property=\"og:type\" content=\"article\" \/>\n<meta property=\"og:title\" content=\"Kappzaum Ecuyer - schwarz - Equine Performance\" \/>\n<meta property=\"og:description\" content=\"Dieser Kappzaum schmiegt sich durch eine ins Nasenband eingearbeitete Kette optimal an die Pferdenase an und ist f\u00fcrs Pferd dadurch sehr angenehm zu tragen. Die Verstellungsm\u00f6glichkeiten machen eine Anpassung an viele verschiedene Pferdetypen m\u00f6glich. Preis: 124\u20ac\" \/>\n<meta property=\"og:url\" content=\"https:\/\/equine-performance.de\/it\/kappzaum-ecuyer-schwarz\/\" \/>\n<meta property=\"og:site_name\" content=\"Equine Performance\" \/>\n<meta property=\"article:publisher\" content=\"https:\/\/www.facebook.com\/pages\/Equine-Performance\/767319599953971\" \/>\n<meta property=\"article:published_time\" content=\"2021-06-14T12:41:11+00:00\" \/>\n<meta property=\"article:modified_time\" content=\"2022-03-15T17:08:43+00:00\" \/>\n<meta property=\"og:image\" content=\"https:\/\/equine-performance.de\/wp-content\/uploads\/2021\/06\/Kappzaum-Ecuyer-schwarz-NEU_500x500.jpg\" \/>\n\t<meta property=\"og:image:width\" content=\"500\" \/>\n\t<meta property=\"og:image:height\" content=\"500\" \/>\n\t<meta property=\"og:image:type\" content=\"image\/jpeg\" \/>\n<meta name=\"author\" content=\"admin\" \/>\n<meta name=\"twitter:card\" content=\"summary_large_image\" \/>\n<meta name=\"twitter:label1\" content=\"Scritto da\" \/>\n\t<meta name=\"twitter:data1\" content=\"admin\" \/>\n<script type=\"application\/ld+json\" class=\"yoast-schema-graph\">{\"@context\":\"https:\/\/schema.org\",\"@graph\":[{\"@type\":\"Article\",\"@id\":\"https:\/\/equine-performance.de\/kappzaum-ecuyer-schwarz\/#article\",\"isPartOf\":{\"@id\":\"https:\/\/equine-performance.de\/kappzaum-ecuyer-schwarz\/\"},\"author\":{\"name\":\"admin\",\"@id\":\"https:\/\/equine-performance.de\/#\/schema\/person\/a7f3dc430be6ce3ee43c7293844bedb5\"},\"headline\":\"Kappzaum Ecuyer &#8211; schwarz\",\"datePublished\":\"2021-06-14T12:41:11+00:00\",\"dateModified\":\"2022-03-15T17:08:43+00:00\",\"mainEntityOfPage\":{\"@id\":\"https:\/\/equine-performance.de\/kappzaum-ecuyer-schwarz\/\"},\"wordCount\":42,\"commentCount\":0,\"publisher\":{\"@id\":\"https:\/\/equine-performance.de\/#organization\"},\"image\":{\"@id\":\"https:\/\/equine-performance.de\/kappzaum-ecuyer-schwarz\/#primaryimage\"},\"thumbnailUrl\":\"https:\/\/equine-performance.de\/wp-content\/uploads\/2021\/06\/Kappzaum-Ecuyer-schwarz-NEU_500x500.jpg\",\"articleSection\":[\"Onlineshop\"],\"inLanguage\":\"it-IT\",\"potentialAction\":[{\"@type\":\"CommentAction\",\"name\":\"Comment\",\"target\":[\"https:\/\/equine-performance.de\/kappzaum-ecuyer-schwarz\/#respond\"]}]},{\"@type\":\"WebPage\",\"@id\":\"https:\/\/equine-performance.de\/kappzaum-ecuyer-schwarz\/\",\"url\":\"https:\/\/equine-performance.de\/kappzaum-ecuyer-schwarz\/\",\"name\":\"Kappzaum Ecuyer - schwarz - Equine Performance\",\"isPartOf\":{\"@id\":\"https:\/\/equine-performance.de\/#website\"},\"primaryImageOfPage\":{\"@id\":\"https:\/\/equine-performance.de\/kappzaum-ecuyer-schwarz\/#primaryimage\"},\"image\":{\"@id\":\"https:\/\/equine-performance.de\/kappzaum-ecuyer-schwarz\/#primaryimage\"},\"thumbnailUrl\":\"https:\/\/equine-performance.de\/wp-content\/uploads\/2021\/06\/Kappzaum-Ecuyer-schwarz-NEU_500x500.jpg\",\"datePublished\":\"2021-06-14T12:41:11+00:00\",\"dateModified\":\"2022-03-15T17:08:43+00:00\",\"breadcrumb\":{\"@id\":\"https:\/\/equine-performance.de\/kappzaum-ecuyer-schwarz\/#breadcrumb\"},\"inLanguage\":\"it-IT\",\"potentialAction\":[{\"@type\":\"ReadAction\",\"target\":[\"https:\/\/equine-performance.de\/kappzaum-ecuyer-schwarz\/\"]}]},{\"@type\":\"ImageObject\",\"inLanguage\":\"it-IT\",\"@id\":\"https:\/\/equine-performance.de\/kappzaum-ecuyer-schwarz\/#primaryimage\",\"url\":\"https:\/\/equine-performance.de\/wp-content\/uploads\/2021\/06\/Kappzaum-Ecuyer-schwarz-NEU_500x500.jpg\",\"contentUrl\":\"https:\/\/equine-performance.de\/wp-content\/uploads\/2021\/06\/Kappzaum-Ecuyer-schwarz-NEU_500x500.jpg\",\"width\":500,\"height\":500},{\"@type\":\"BreadcrumbList\",\"@id\":\"https:\/\/equine-performance.de\/kappzaum-ecuyer-schwarz\/#breadcrumb\",\"itemListElement\":[{\"@type\":\"ListItem\",\"position\":1,\"name\":\"Startseite\",\"item\":\"https:\/\/equine-performance.de\/\"},{\"@type\":\"ListItem\",\"position\":2,\"name\":\"Kappzaum Ecuyer &#8211; schwarz\"}]},{\"@type\":\"WebSite\",\"@id\":\"https:\/\/equine-performance.de\/#website\",\"url\":\"https:\/\/equine-performance.de\/\",\"name\":\"Equine Performance\",\"description\":\"Sattelverkauf &amp; Beratung vor Ort\",\"publisher\":{\"@id\":\"https:\/\/equine-performance.de\/#organization\"},\"potentialAction\":[{\"@type\":\"SearchAction\",\"target\":{\"@type\":\"EntryPoint\",\"urlTemplate\":\"https:\/\/equine-performance.de\/?s={search_term_string}\"},\"query-input\":{\"@type\":\"PropertyValueSpecification\",\"valueRequired\":true,\"valueName\":\"search_term_string\"}}],\"inLanguage\":\"it-IT\"},{\"@type\":\"Organization\",\"@id\":\"https:\/\/equine-performance.de\/#organization\",\"name\":\"Equine Performance - Saddles & Tack\",\"url\":\"https:\/\/equine-performance.de\/\",\"logo\":{\"@type\":\"ImageObject\",\"inLanguage\":\"it-IT\",\"@id\":\"https:\/\/equine-performance.de\/#\/schema\/logo\/image\/\",\"url\":\"https:\/\/equine-performance.de\/wp-content\/uploads\/2021\/03\/Logo.jpg\",\"contentUrl\":\"https:\/\/equine-performance.de\/wp-content\/uploads\/2021\/03\/Logo.jpg\",\"width\":1280,\"height\":1024,\"caption\":\"Equine Performance - Saddles & Tack\"},\"image\":{\"@id\":\"https:\/\/equine-performance.de\/#\/schema\/logo\/image\/\"},\"sameAs\":[\"https:\/\/www.facebook.com\/pages\/Equine-Performance\/767319599953971\"]},{\"@type\":\"Person\",\"@id\":\"https:\/\/equine-performance.de\/#\/schema\/person\/a7f3dc430be6ce3ee43c7293844bedb5\",\"name\":\"admin\",\"image\":{\"@type\":\"ImageObject\",\"inLanguage\":\"it-IT\",\"@id\":\"https:\/\/equine-performance.de\/#\/schema\/person\/image\/\",\"url\":\"https:\/\/secure.gravatar.com\/avatar\/1bfb7e9697b47c90940fdd598565868f?s=96&d=mm&r=g\",\"contentUrl\":\"https:\/\/secure.gravatar.com\/avatar\/1bfb7e9697b47c90940fdd598565868f?s=96&d=mm&r=g\",\"caption\":\"admin\"},\"sameAs\":[\"http:\/\/equine-performance.de\"]}]}<\/script>\n<!-- \/ Yoast SEO plugin. -->","yoast_head_json":{"title":"Kappzaum Ecuyer - schwarz - Equine Performance","robots":{"index":"index","follow":"follow","max-snippet":"max-snippet:-1","max-image-preview":"max-image-preview:large","max-video-preview":"max-video-preview:-1"},"canonical":"https:\/\/equine-performance.de\/it\/kappzaum-ecuyer-schwarz\/","og_locale":"it_IT","og_type":"article","og_title":"Kappzaum Ecuyer - schwarz - Equine Performance","og_description":"Dieser Kappzaum schmiegt sich durch eine ins Nasenband eingearbeitete Kette optimal an die Pferdenase an und ist f\u00fcrs Pferd dadurch sehr angenehm zu tragen. Die Verstellungsm\u00f6glichkeiten machen eine Anpassung an viele verschiedene Pferdetypen m\u00f6glich. Preis: 124\u20ac","og_url":"https:\/\/equine-performance.de\/it\/kappzaum-ecuyer-schwarz\/","og_site_name":"Equine Performance","article_publisher":"https:\/\/www.facebook.com\/pages\/Equine-Performance\/767319599953971","article_published_time":"2021-06-14T12:41:11+00:00","article_modified_time":"2022-03-15T17:08:43+00:00","og_image":[{"width":500,"height":500,"url":"https:\/\/equine-performance.de\/wp-content\/uploads\/2021\/06\/Kappzaum-Ecuyer-schwarz-NEU_500x500.jpg","type":"image\/jpeg"}],"author":"admin","twitter_card":"summary_large_image","twitter_misc":{"Scritto da":"admin"},"schema":{"@context":"https:\/\/schema.org","@graph":[{"@type":"Article","@id":"https:\/\/equine-performance.de\/kappzaum-ecuyer-schwarz\/#article","isPartOf":{"@id":"https:\/\/equine-performance.de\/kappzaum-ecuyer-schwarz\/"},"author":{"name":"admin","@id":"https:\/\/equine-performance.de\/#\/schema\/person\/a7f3dc430be6ce3ee43c7293844bedb5"},"headline":"Kappzaum Ecuyer &#8211; schwarz","datePublished":"2021-06-14T12:41:11+00:00","dateModified":"2022-03-15T17:08:43+00:00","mainEntityOfPage":{"@id":"https:\/\/equine-performance.de\/kappzaum-ecuyer-schwarz\/"},"wordCount":42,"commentCount":0,"publisher":{"@id":"https:\/\/equine-performance.de\/#organization"},"image":{"@id":"https:\/\/equine-performance.de\/kappzaum-ecuyer-schwarz\/#primaryimage"},"thumbnailUrl":"https:\/\/equine-performance.de\/wp-content\/uploads\/2021\/06\/Kappzaum-Ecuyer-schwarz-NEU_500x500.jpg","articleSection":["Onlineshop"],"inLanguage":"it-IT","potentialAction":[{"@type":"CommentAction","name":"Comment","target":["https:\/\/equine-performance.de\/kappzaum-ecuyer-schwarz\/#respond"]}]},{"@type":"WebPage","@id":"https:\/\/equine-performance.de\/kappzaum-ecuyer-schwarz\/","url":"https:\/\/equine-performance.de\/kappzaum-ecuyer-schwarz\/","name":"Kappzaum Ecuyer - schwarz - Equine Performance","isPartOf":{"@id":"https:\/\/equine-performance.de\/#website"},"primaryImageOfPage":{"@id":"https:\/\/equine-performance.de\/kappzaum-ecuyer-schwarz\/#primaryimage"},"image":{"@id":"https:\/\/equine-performance.de\/kappzaum-ecuyer-schwarz\/#primaryimage"},"thumbnailUrl":"https:\/\/equine-performance.de\/wp-content\/uploads\/2021\/06\/Kappzaum-Ecuyer-schwarz-NEU_500x500.jpg","datePublished":"2021-06-14T12:41:11+00:00","dateModified":"2022-03-15T17:08:43+00:00","breadcrumb":{"@id":"https:\/\/equine-performance.de\/kappzaum-ecuyer-schwarz\/#breadcrumb"},"inLanguage":"it-IT","potentialAction":[{"@type":"ReadAction","target":["https:\/\/equine-performance.de\/kappzaum-ecuyer-schwarz\/"]}]},{"@type":"ImageObject","inLanguage":"it-IT","@id":"https:\/\/equine-performance.de\/kappzaum-ecuyer-schwarz\/#primaryimage","url":"https:\/\/equine-performance.de\/wp-content\/uploads\/2021\/06\/Kappzaum-Ecuyer-schwarz-NEU_500x500.jpg","contentUrl":"https:\/\/equine-performance.de\/wp-content\/uploads\/2021\/06\/Kappzaum-Ecuyer-schwarz-NEU_500x500.jpg","width":500,"height":500},{"@type":"BreadcrumbList","@id":"https:\/\/equine-performance.de\/kappzaum-ecuyer-schwarz\/#breadcrumb","itemListElement":[{"@type":"ListItem","position":1,"name":"Startseite","item":"https:\/\/equine-performance.de\/"},{"@type":"ListItem","position":2,"name":"Kappzaum Ecuyer &#8211; schwarz"}]},{"@type":"WebSite","@id":"https:\/\/equine-performance.de\/#website","url":"https:\/\/equine-performance.de\/","name":"Equine Performance","description":"Sattelverkauf &amp; Beratung vor Ort","publisher":{"@id":"https:\/\/equine-performance.de\/#organization"},"potentialAction":[{"@type":"SearchAction","target":{"@type":"EntryPoint","urlTemplate":"https:\/\/equine-performance.de\/?s={search_term_string}"},"query-input":{"@type":"PropertyValueSpecification","valueRequired":true,"valueName":"search_term_string"}}],"inLanguage":"it-IT"},{"@type":"Organization","@id":"https:\/\/equine-performance.de\/#organization","name":"Equine Performance - Saddles & Tack","url":"https:\/\/equine-performance.de\/","logo":{"@type":"ImageObject","inLanguage":"it-IT","@id":"https:\/\/equine-performance.de\/#\/schema\/logo\/image\/","url":"https:\/\/equine-performance.de\/wp-content\/uploads\/2021\/03\/Logo.jpg","contentUrl":"https:\/\/equine-performance.de\/wp-content\/uploads\/2021\/03\/Logo.jpg","width":1280,"height":1024,"caption":"Equine Performance - Saddles & Tack"},"image":{"@id":"https:\/\/equine-performance.de\/#\/schema\/logo\/image\/"},"sameAs":["https:\/\/www.facebook.com\/pages\/Equine-Performance\/767319599953971"]},{"@type":"Person","@id":"https:\/\/equine-performance.de\/#\/schema\/person\/a7f3dc430be6ce3ee43c7293844bedb5","name":"admin","image":{"@type":"ImageObject","inLanguage":"it-IT","@id":"https:\/\/equine-performance.de\/#\/schema\/person\/image\/","url":"https:\/\/secure.gravatar.com\/avatar\/1bfb7e9697b47c90940fdd598565868f?s=96&d=mm&r=g","contentUrl":"https:\/\/secure.gravatar.com\/avatar\/1bfb7e9697b47c90940fdd598565868f?s=96&d=mm&r=g","caption":"admin"},"sameAs":["http:\/\/equine-performance.de"]}]}},"_links":{"self":[{"href":"https:\/\/equine-performance.de\/it\/wp-json\/wp\/v2\/posts\/751","targetHints":{"allow":["GET"]}}],"collection":[{"href":"https:\/\/equine-performance.de\/it\/wp-json\/wp\/v2\/posts"}],"about":[{"href":"https:\/\/equine-performance.de\/it\/wp-json\/wp\/v2\/types\/post"}],"author":[{"embeddable":true,"href":"https:\/\/equine-performance.de\/it\/wp-json\/wp\/v2\/users\/1"}],"replies":[{"embeddable":true,"href":"https:\/\/equine-performance.de\/it\/wp-json\/wp\/v2\/comments?post=751"}],"version-history":[{"count":0,"href":"https:\/\/equine-performance.de\/it\/wp-json\/wp\/v2\/posts\/751\/revisions"}],"wp:featuredmedia":[{"embeddable":true,"href":"https:\/\/equine-performance.de\/it\/wp-json\/wp\/v2\/media\/752"}],"wp:attachment":[{"href":"https:\/\/equine-performance.de\/it\/wp-json\/wp\/v2\/media?parent=751"}],"wp:term":[{"taxonomy":"category","embeddable":true,"href":"https:\/\/equine-performance.de\/it\/wp-json\/wp\/v2\/categories?post=751"},{"taxonomy":"post_tag","embeddable":true,"href":"https:\/\/equine-performance.de\/it\/wp-json\/wp\/v2\/tags?post=751"}],"curies":[{"name":"wp","href":"https:\/\/api.w.org\/{rel}","templated":true}]}}